{"id":498,"date":"2025-01-30T07:47:08","date_gmt":"2025-01-29T22:47:08","guid":{"rendered":"https:\/\/mkpl.co.jp\/de\/?p=498"},"modified":"2025-10-22T08:46:53","modified_gmt":"2025-10-21T23:46:53","slug":"n20250129","status":"publish","type":"post","link":"https:\/\/mkpl.co.jp\/de\/n20250129\/","title":{"rendered":"Auftrag \u00fcber 2,5 GWh Vanadium-Festk\u00f6rperbatterien von der \u00f6sterreichischen Regierung erhalten"},"content":{"rendered":"\n<p>Am <strong>29. Januar 2025<\/strong> fand in <strong>Wien (\u00d6sterreich)<\/strong> eine Veranstaltung zur Best\u00e4tigung des stabilen Betriebs unseres <strong>500 Wh Vanadium-Festk\u00f6rperbatteriemoduls<\/strong> statt.<\/p>\n\n\n\n<p>Im Anschluss daran erhielt unsere \u00f6sterreichische Tochtergesellschaft \u2014 <strong>Ewig Macht Plus GmbH (EMPlus)<\/strong> \u2014 einen <strong>offiziellen Auftrag \u00fcber 2,5 GWh Energiespeicherbatterien<\/strong> (Anfangspreis: <strong>1 500 \u20ac\/kWh<\/strong>) von der <strong>Landesregierung Burgenland<\/strong>.<\/p>\n\n\n\n<p>Das Projekt wird mit angemessener Unterst\u00fctzung der <strong>\u00f6sterreichischen Bundesregierung<\/strong> und der <strong>Europ\u00e4ischen Union<\/strong> durchgef\u00fchrt.<\/p>\n\n\n\n<hr class=\"wp-block-separator has-alpha-channel-opacity\"\/>\n\n\n\n<h3 class=\"wp-block-heading\">Projekt\u00fcbersicht<\/h3>\n\n\n\n<p>Das Projekt wird in f\u00fcnf Phasen umgesetzt.<\/p>\n\n\n\n<ol class=\"epb-timeline\">\n<li class=\"epb-timeline__item is-style-epb-border-dotted is-style-epb-number\" style=\"--epb-border-color:#eeeff0\"><div class=\"epb-timeline__number\" style=\"background-color:#828990;color:#ffffff\" data-fontweight=\"normal\"><\/div><div class=\"epb-timeline__headline\" style=\"color:#333333\" data-fontweight=\"normal\"><strong>Verifizierung des 1 kWh-Moduls (bis Ende Juni 2025) \u2014 <em>abgeschlossen<\/em><\/strong><\/div><div class=\"epb-timeline__body\">\n<p><\/p>\n<\/div><\/li>\n\n\n\n<li class=\"epb-timeline__item is-style-epb-border-dotted is-style-epb-number\" style=\"--epb-border-color:#eeeff0\"><div class=\"epb-timeline__number\" style=\"background-color:#828990;color:#ffffff\" data-fontweight=\"normal\"><\/div><div class=\"epb-timeline__headline\" style=\"color:#333333\" data-fontweight=\"normal\"><strong><strong>Verifizierung des 10 kWh-Moduls (bis Ende September 2025)<\/strong><\/strong><\/div><div class=\"epb-timeline__body\"><\/div><\/li>\n\n\n\n<li class=\"epb-timeline__item is-style-epb-border-dotted is-style-epb-number\" style=\"--epb-border-color:#eeeff0\"><div class=\"epb-timeline__number\" style=\"background-color:#828990;color:#ffffff\" data-fontweight=\"normal\"><\/div><div class=\"epb-timeline__headline\" style=\"color:#333333\" data-fontweight=\"normal\"><strong><strong><strong>Nach Abschluss der zweiten Phase wird die <strong>EU ein \u201eCertificate of Availability\u201c ausstellen<\/strong> und einen <strong>formellen Auftrag \u00fcber 2,5 GWh<\/strong> erteilen.<\/strong><\/strong><\/strong><\/div><div class=\"epb-timeline__body\">\n<p><\/p>\n<\/div><\/li>\n\n\n\n<li class=\"epb-timeline__item is-style-epb-border-dotted is-style-epb-number\" style=\"--epb-border-color:#eeeff0\"><div class=\"epb-timeline__number\" style=\"background-color:#828990;color:#ffffff\" data-fontweight=\"normal\"><\/div><div class=\"epb-timeline__headline\" style=\"color:#333333\" data-fontweight=\"normal\"><strong><strong><strong><strong>Kommerzialisierung und Leistungscharakterisierung (bis Ende M\u00e4rz 2026)<\/strong><\/strong><\/strong><\/strong><\/div><div class=\"epb-timeline__body\"><\/div><\/li>\n\n\n\n<li class=\"epb-timeline__item is-style-epb-border-dotted is-style-epb-number\" style=\"--epb-border-color:#eeeff0\"><div class=\"epb-timeline__number\" style=\"background-color:#828990;color:#ffffff\" data-fontweight=\"normal\"><\/div><div class=\"epb-timeline__headline\" style=\"color:#333333\" data-fontweight=\"normal\"><strong><strong><strong><strong><strong>Beginn der Lieferungen \u2014 alle Lieferungen sollen zwischen <strong>April 2026 und 2030<\/strong> abgeschlossen werden.<\/strong><\/strong><\/strong><\/strong><\/strong><\/div><div class=\"epb-timeline__body\"><\/div><\/li>\n<\/ol>\n\n\n\n<p>Derzeit l\u00e4uft im <strong>Sendai Labor No. 2<\/strong> eine <strong>Kleinserienproduktion mit Pilotanlagen<\/strong>, um die zweite Phase vorzubereiten.<\/p>\n\n\n\n<hr class=\"wp-block-separator has-alpha-channel-opacity\"\/>\n\n\n\n<h3 class=\"wp-block-heading\">Erwartete Auswirkungen<\/h3>\n\n\n\n<p>In der EU w\u00e4chst die Skepsis gegen\u00fcber dem Bau gro\u00dffl\u00e4chiger Energiespeicheranlagen auf Basis konventioneller Lithium-Ionen-Batterien, da Brandrisiken bestehen.<br>Daher steigen die Erwartungen an <strong>nicht-lithiumbasierte Batterietechnologien<\/strong>, einschlie\u00dflich <strong>Lithium-Festk\u00f6rper-<\/strong> und <strong>Natrium-Ionen-Batterien<\/strong>.<\/p>\n\n\n\n<p>Bislang hat <strong>keine andere neue Batterietechnologie<\/strong> erfolgreich ein kWh-Modul entwickelt, und sowohl <strong>MKPLUS<\/strong> als auch <strong>EMPlus<\/strong> erhalten zahlreiche Anfragen, insbesondere von europ\u00e4ischen Unternehmen im Bereich erneuerbarer Energien.<\/p>\n\n\n\n<p>Mit Erreichen der <strong>dritten Projektphase<\/strong> wird mit <strong>weiteren Gro\u00dfauftr\u00e4gen<\/strong> und einer <strong>intensiveren industriellen Zusammenarbeit innerhalb der EU<\/strong> gerechnet.<\/p>\n\n\n\n<div class=\"epb-spacer\" style=\"--epb-space-height-sp:50px;--epb-space-height-tablet:50px;--epb-space-height-pc:80px;--epb-space-width-sp:100%;--epb-space-width-tablet:100%;--epb-space-width-pc:100%;--epb-space-margin-sp:-0px;--epb-space-margin-tablet:-0px;--epb-space-margin-pc:-0px\"><\/div>\n\n\n\n<div class=\"epb-advanced-buttons is-content-justification-center is-layout-flex wp-container-emanon-premium-blocks-advanced-button-is-layout-a89b3969 wp-block-emanon-premium-blocks-advanced-button-is-layout-flex\">\n<div class=\"epb-advanced-button-wrapper epb-has-button-text-align-center is-style-epb-microcopy-top-none is-style-epb-microcopy-bottom-none is-style-epb-position-icon-center is-style-epb-icon-none is-style-epb-button-hover-animation-falldown is-style-epb-icon-hover-animation-none is-style-button-shadow\" style=\"--epb-button-width-sp:100%;--epb-button-width-tablet:25%;--epb-button-width-pc:25%;--epb-button-radius:100px;--epb-button-padding-top:0.6em;--epb-button-padding-right:1.8em;--epb-button-padding-bottom:0.6em;--epb-button-padding-left:1.8em;--epb-button-border-style:solid;--epb-button-border-width-top:2px;--epb-button-border-width-bottom:2px;--epb-button-border-width-left:2px;--epb-button-border-width-right:2px;--epb-button-text-font-size-sp:16px;--epb-button-text-font-size-tablet:16px;--epb-button-text-font-size-pc:16px;--epb-button-text-letter-spacing:0em;--epb-button-text-line-height:1;--epb-button-text-font-weight:normal;--epb-microcopy-top-font-size-sp:12px;--epb-microcopy-top-font-size-tablet:12px;--epb-microcopy-top-font-size-pc:12px;--epb-microcopy-top-letter-spacing:0.1em;--epb-microcopy-top-font-weight:normal;--epb-microcopy-bottom-font-size-sp:12px;--epb-microcopy-bottom-font-size-tablet:12px;--epb-microcopy-bottom-font-size-pc:12px;--epb-microcopy-bottom-letter-spacing:0.1em;--epb-microcopy-bottom-font-weight:normal;--epb-button-border-color:#333333;--epb-button-text-color:#333333;--epb-button-icon-color:#333333;--epb-button-icon-style-color:#e5e7e8;--epb-microcopy-top-color:#333333;--epb-microcopy-top-style-color:#e5e7e8;--epb-microcopy-bottom-color:#333333;--epb-microcopy-bottom-style-color:#e5e7e8;--epb-microcopy-bottom-style-background-color:#ffffff\"><a class=\"epb-advanced-button\" href=\"\/de\/contact\"><span class=\"epb-advanced-button__text\">Kontakt<\/span><\/a><\/div>\n<\/div>\n\n\n\n<p><\/p>\n","protected":false},"excerpt":{"rendered":"<p>Am 29. Januar 2025 fand in Wien (\u00d6sterreich) eine Veranstaltung zur Best\u00e4tigung des stabilen Betriebs unseres  [&hellip;]<\/p>\n","protected":false},"author":1,"featured_media":0,"comment_status":"open","ping_status":"open","sticky":false,"template":"","format":"standard","meta":{"footnotes":""},"categories":[5],"tags":[],"class_list":["post-498","post","type-post","status-publish","format-standard","hentry","category-notices"],"_links":{"self":[{"href":"https:\/\/mkpl.co.jp\/de\/wp-json\/wp\/v2\/posts\/498","targetHints":{"allow":["GET"]}}],"collection":[{"href":"https:\/\/mkpl.co.jp\/de\/wp-json\/wp\/v2\/posts"}],"about":[{"href":"https:\/\/mkpl.co.jp\/de\/wp-json\/wp\/v2\/types\/post"}],"author":[{"embeddable":true,"href":"https:\/\/mkpl.co.jp\/de\/wp-json\/wp\/v2\/users\/1"}],"replies":[{"embeddable":true,"href":"https:\/\/mkpl.co.jp\/de\/wp-json\/wp\/v2\/comments?post=498"}],"version-history":[{"count":7,"href":"https:\/\/mkpl.co.jp\/de\/wp-json\/wp\/v2\/posts\/498\/revisions"}],"predecessor-version":[{"id":532,"href":"https:\/\/mkpl.co.jp\/de\/wp-json\/wp\/v2\/posts\/498\/revisions\/532"}],"wp:attachment":[{"href":"https:\/\/mkpl.co.jp\/de\/wp-json\/wp\/v2\/media?parent=498"}],"wp:term":[{"taxonomy":"category","embeddable":true,"href":"https:\/\/mkpl.co.jp\/de\/wp-json\/wp\/v2\/categories?post=498"},{"taxonomy":"post_tag","embeddable":true,"href":"https:\/\/mkpl.co.jp\/de\/wp-json\/wp\/v2\/tags?post=498"}],"curies":[{"name":"wp","href":"https:\/\/api.w.org\/{rel}","templated":true}]}}