{"id":502,"date":"2025-01-30T23:36:54","date_gmt":"2025-01-30T14:36:54","guid":{"rendered":"https:\/\/mkpl.co.jp\/fr\/?p=502"},"modified":"2025-10-21T23:04:45","modified_gmt":"2025-10-21T14:04:45","slug":"n20250129","status":"publish","type":"post","link":"https:\/\/mkpl.co.jp\/fr\/n20250129\/","title":{"rendered":"Commande de 2,5 GWh de batteries solides au vanadium re\u00e7ue du gouvernement autrichien"},"content":{"rendered":"\n<p>Le <strong>29 janvier 2025<\/strong>, un \u00e9v\u00e9nement s\u2019est tenu \u00e0 <strong>Vienne (Autriche)<\/strong> afin de confirmer le fonctionnement stable de notre <strong>module de batterie solide au vanadium de 500 Wh<\/strong>.<\/p>\n\n\n\n<p>\u00c0 la suite de cet \u00e9v\u00e9nement, notre filiale autrichienne \u2014 <strong>Ewig Macht Plus GmbH (EMPlus)<\/strong> \u2014 a re\u00e7u une <strong>commande officielle de 2,5 GWh de batteries de stockage d\u2019\u00e9nergie<\/strong> (prix unitaire initial : <strong>1 500 \u20ac\/kWh<\/strong>) de la part du <strong>gouvernement du Land du Burgenland<\/strong>.<\/p>\n\n\n\n<p>Ce projet sera men\u00e9 avec le soutien appropri\u00e9 du <strong>gouvernement f\u00e9d\u00e9ral autrichien<\/strong> et de <strong>l\u2019Union europ\u00e9enne<\/strong>.<\/p>\n\n\n\n<hr class=\"wp-block-separator has-alpha-channel-opacity\"\/>\n\n\n\n<h3 class=\"wp-block-heading\">Aper\u00e7u du projet<\/h3>\n\n\n\n<p>Le projet se d\u00e9roulera en cinq phases.<\/p>\n\n\n\n<ol class=\"epb-timeline\">\n<li class=\"epb-timeline__item is-style-epb-border-dotted is-style-epb-number\" style=\"--epb-border-color:#eeeff0\"><div class=\"epb-timeline__number\" style=\"background-color:#828990;color:#ffffff\" data-fontweight=\"normal\"><\/div><div class=\"epb-timeline__headline\" style=\"color:#333333\" data-fontweight=\"normal\"><strong>V\u00e9rification du module 1 kWh (jusqu\u2019\u00e0 fin juin 2025) \u2014 <em>termin\u00e9e<\/em><\/strong><\/div><div class=\"epb-timeline__body\"><\/div><\/li>\n\n\n\n<li class=\"epb-timeline__item is-style-epb-border-dotted is-style-epb-number\" style=\"--epb-border-color:#eeeff0\"><div class=\"epb-timeline__number\" style=\"background-color:#828990;color:#ffffff\" data-fontweight=\"normal\"><\/div><div class=\"epb-timeline__headline\" style=\"color:#333333\" data-fontweight=\"normal\"><strong><strong>V\u00e9rification du module 10 kWh (d\u2019ici fin septembre 2025)<\/strong><\/strong><\/div><div class=\"epb-timeline__body\"><\/div><\/li>\n\n\n\n<li class=\"epb-timeline__item is-style-epb-border-dotted is-style-epb-number\" style=\"--epb-border-color:#eeeff0\"><div class=\"epb-timeline__number\" style=\"background-color:#828990;color:#ffffff\" data-fontweight=\"normal\"><\/div><div class=\"epb-timeline__headline\" style=\"color:#333333\" data-fontweight=\"normal\"><strong><strong><strong>Apr\u00e8s la deuxi\u00e8me phase, l\u2019UE d\u00e9livrera un <strong>certificat de disponibilit\u00e9<\/strong> et passera une <strong>commande officielle de 2,5 GWh<\/strong>.<\/strong><\/strong><\/strong><\/div><div class=\"epb-timeline__body\">\n<p><\/p>\n<\/div><\/li>\n\n\n\n<li class=\"epb-timeline__item is-style-epb-border-dotted is-style-epb-number\" style=\"--epb-border-color:#eeeff0\"><div class=\"epb-timeline__number\" style=\"background-color:#828990;color:#ffffff\" data-fontweight=\"normal\"><\/div><div class=\"epb-timeline__headline\" style=\"color:#333333\" data-fontweight=\"normal\"><strong><strong><strong><strong>Commercialisation et caract\u00e9risation (d\u2019ici fin mars 2026)<\/strong><\/strong><\/strong><\/strong><\/div><div class=\"epb-timeline__body\"><\/div><\/li>\n\n\n\n<li class=\"epb-timeline__item is-style-epb-border-dotted is-style-epb-number\" style=\"--epb-border-color:#eeeff0\"><div class=\"epb-timeline__number\" style=\"background-color:#828990;color:#ffffff\" data-fontweight=\"normal\"><\/div><div class=\"epb-timeline__headline\" style=\"color:#333333\" data-fontweight=\"normal\"><strong><strong><strong><strong><strong>D\u00e9marrage des livraisons \u2014 toutes les livraisons pr\u00e9vues entre <strong>avril 2026 et 2030<\/strong>.<\/strong><\/strong><\/strong><\/strong><\/strong><\/div><div class=\"epb-timeline__body\"><\/div><\/li>\n<\/ol>\n\n\n\n<p>Une <strong>production en petite s\u00e9rie \u00e0 l\u2019aide d\u2019\u00e9quipements pilotes<\/strong> est actuellement en cours au <strong>Laboratoire n\u00b0 2 de Sendai<\/strong> pour pr\u00e9parer la deuxi\u00e8me phase.<\/p>\n\n\n\n<hr class=\"wp-block-separator has-alpha-channel-opacity\"\/>\n\n\n\n<h3 class=\"wp-block-heading\">Impact attendu<\/h3>\n\n\n\n<p>Dans l\u2019UE, la m\u00e9fiance \u00e0 l\u2019\u00e9gard des batteries lithium-ion conventionnelles se renforce en raison des risques d\u2019incendie.<br>Par cons\u00e9quent, les attentes augmentent pour les <strong>technologies de batteries non lithium-ion<\/strong>, telles que les <strong>batteries tout solide au lithium<\/strong> et les <strong>batteries au sodium<\/strong>.<\/p>\n\n\n\n<p>\u00c0 ce jour, <strong>aucune autre technologie \u00e9mergente n\u2019a r\u00e9ussi \u00e0 d\u00e9velopper un module de capacit\u00e9 au niveau du kWh<\/strong>, et <strong>MKPLUS<\/strong> ainsi que <strong>EMPlus<\/strong> ont re\u00e7u de nombreuses demandes, en particulier de la part d\u2019entreprises d\u2019\u00e9nergies renouvelables en Europe.<\/p>\n\n\n\n<p>Lorsque le projet atteindra sa <strong>troisi\u00e8me phase<\/strong>, il devrait conduire \u00e0 des <strong>commandes suppl\u00e9mentaires \u00e0 grande \u00e9chelle<\/strong> et \u00e0 une <strong>coop\u00e9ration industrielle accrue au sein de l\u2019UE<\/strong>.<\/p>\n\n\n\n<div class=\"epb-spacer\" style=\"--epb-space-height-sp:50px;--epb-space-height-tablet:50px;--epb-space-height-pc:80px;--epb-space-width-sp:100%;--epb-space-width-tablet:100%;--epb-space-width-pc:100%;--epb-space-margin-sp:-0px;--epb-space-margin-tablet:-0px;--epb-space-margin-pc:-0px\"><\/div>\n\n\n\n<div class=\"epb-advanced-buttons is-content-justification-center is-layout-flex wp-container-emanon-premium-blocks-advanced-button-is-layout-a89b3969 wp-block-emanon-premium-blocks-advanced-button-is-layout-flex\">\n<div class=\"epb-advanced-button-wrapper epb-has-button-text-align-center is-style-epb-microcopy-top-none is-style-epb-microcopy-bottom-none is-style-epb-position-icon-center is-style-epb-icon-none is-style-epb-button-hover-animation-falldown is-style-epb-icon-hover-animation-none is-style-button-shadow\" style=\"--epb-button-width-sp:100%;--epb-button-width-tablet:25%;--epb-button-width-pc:25%;--epb-button-radius:100px;--epb-button-padding-top:0.6em;--epb-button-padding-right:1.8em;--epb-button-padding-bottom:0.6em;--epb-button-padding-left:1.8em;--epb-button-border-style:solid;--epb-button-border-width-top:2px;--epb-button-border-width-bottom:2px;--epb-button-border-width-left:2px;--epb-button-border-width-right:2px;--epb-button-text-font-size-sp:16px;--epb-button-text-font-size-tablet:16px;--epb-button-text-font-size-pc:16px;--epb-button-text-letter-spacing:0em;--epb-button-text-line-height:1;--epb-button-text-font-weight:normal;--epb-microcopy-top-font-size-sp:12px;--epb-microcopy-top-font-size-tablet:12px;--epb-microcopy-top-font-size-pc:12px;--epb-microcopy-top-letter-spacing:0.1em;--epb-microcopy-top-font-weight:normal;--epb-microcopy-bottom-font-size-sp:12px;--epb-microcopy-bottom-font-size-tablet:12px;--epb-microcopy-bottom-font-size-pc:12px;--epb-microcopy-bottom-letter-spacing:0.1em;--epb-microcopy-bottom-font-weight:normal;--epb-button-border-color:#333333;--epb-button-text-color:#333333;--epb-button-icon-color:#333333;--epb-button-icon-style-color:#e5e7e8;--epb-microcopy-top-color:#333333;--epb-microcopy-top-style-color:#e5e7e8;--epb-microcopy-bottom-color:#333333;--epb-microcopy-bottom-style-color:#e5e7e8;--epb-microcopy-bottom-style-background-color:#ffffff\"><a class=\"epb-advanced-button\" href=\"\/fr\/contact\"><span class=\"epb-advanced-button__text\">Contactez nous<\/span><\/a><\/div>\n<\/div>\n\n\n\n<p><\/p>\n","protected":false},"excerpt":{"rendered":"<p>Le 29 janvier 2025, un \u00e9v\u00e9nement s\u2019est tenu \u00e0 Vienne (Autriche) afin de confirmer le fonctionnement stable de  [&hellip;]<\/p>\n","protected":false},"author":1,"featured_media":0,"comment_status":"open","ping_status":"open","sticky":false,"template":"","format":"standard","meta":{"footnotes":""},"categories":[5],"tags":[],"class_list":["post-502","post","type-post","status-publish","format-standard","hentry","category-notices"],"_links":{"self":[{"href":"https:\/\/mkpl.co.jp\/fr\/wp-json\/wp\/v2\/posts\/502","targetHints":{"allow":["GET"]}}],"collection":[{"href":"https:\/\/mkpl.co.jp\/fr\/wp-json\/wp\/v2\/posts"}],"about":[{"href":"https:\/\/mkpl.co.jp\/fr\/wp-json\/wp\/v2\/types\/post"}],"author":[{"embeddable":true,"href":"https:\/\/mkpl.co.jp\/fr\/wp-json\/wp\/v2\/users\/1"}],"replies":[{"embeddable":true,"href":"https:\/\/mkpl.co.jp\/fr\/wp-json\/wp\/v2\/comments?post=502"}],"version-history":[{"count":6,"href":"https:\/\/mkpl.co.jp\/fr\/wp-json\/wp\/v2\/posts\/502\/revisions"}],"predecessor-version":[{"id":542,"href":"https:\/\/mkpl.co.jp\/fr\/wp-json\/wp\/v2\/posts\/502\/revisions\/542"}],"wp:attachment":[{"href":"https:\/\/mkpl.co.jp\/fr\/wp-json\/wp\/v2\/media?parent=502"}],"wp:term":[{"taxonomy":"category","embeddable":true,"href":"https:\/\/mkpl.co.jp\/fr\/wp-json\/wp\/v2\/categories?post=502"},{"taxonomy":"post_tag","embeddable":true,"href":"https:\/\/mkpl.co.jp\/fr\/wp-json\/wp\/v2\/tags?post=502"}],"curies":[{"name":"wp","href":"https:\/\/api.w.org\/{rel}","templated":true}]}}